{"id":14995,"date":"2020-09-02T02:57:53","date_gmt":"2020-09-02T02:57:53","guid":{"rendered":"https:\/\/colegiocelta.com.mx\/?p=14995"},"modified":"2020-09-02T02:57:53","modified_gmt":"2020-09-02T02:57:53","slug":"welcome-to-the-school-year-2020-2021","status":"publish","type":"post","link":"https:\/\/colegiocelta.com.mx\/index.php\/2020\/09\/02\/welcome-to-the-school-year-2020-2021\/","title":{"rendered":"\u00a1Welcome to the School year 2020-2021!"},"content":{"rendered":"\n<p> There&#8217;s no doubt that we have been forced to make some changes in the teaching and learning process, it has been a journey full of challenges, achievements, surprises, experiences for teachers, students and their parents. What we have been through these past few months allows us to start a new school year with more knowledge about this \u201cnew normality\u201d, but with the same responsibility and love for teaching as always.  <\/p>\n\n\n\n<div class=\"wp-block-image\"><figure class=\"alignleft is-resized\"><img fetchpriority=\"high\" decoding=\"async\" src=\"https:\/\/colegiocelta.com.mx\/wp-content\/uploads\/2020\/09\/pexels-cottonbro-3662803-683x1024.jpg\" alt=\"\" class=\"wp-image-14992\" width=\"300\" height=\"449\"\/><\/figure><\/div>\n\n\n\n<p>Our commitment is to give our best for our students to\nlearn. <\/p>\n\n\n\n<p>\u201cEducation is the most powerful weapon which you can use to\nchange the world\u201d. <\/p>\n\n\n\n<h2 class=\"wp-block-heading\">Celtic Academic Bubble<\/h2>\n\n\n\n<p>As we all knowIt is well known that c Covid-19 changed the routines, the recreation moments and the teaching and learning process for students. <\/p>\n\n\n\n<p>Nowadays most schools are using online teaching. However, in Colegio Celta,a we worriedy about the academic and emotional situation of our students, that is the reason we decidedstarted\u00a0 to implement an innovative project called \u201cCELTIC ACADEMIC BUBBLE\u201d, which allows students to continue learning face-to-face with their teachers, using all the sanitary measures that are necessary. <\/p>\n\n\n\n<div class=\"wp-block-image\"><figure class=\"alignright is-resized\"><img decoding=\"async\" src=\"https:\/\/colegiocelta.com.mx\/wp-content\/uploads\/2020\/09\/pexels-pixabay-35533.jpg\" alt=\"\" class=\"wp-image-14989\" width=\"348\" height=\"302\"\/><\/figure><\/div>\n\n\n\n<p>This project is for students in kindergarten and it consists of taking \u201cthe school home\u201d. A group of six students will gather and the school will provide everything that is necessary to give the classes in that home. (disinfection kit, thermometer, oximeter, tables, chairs, material, spanish teachers and teacher&#8217;s assistant). <\/p>\n\n\n\n<p>During the project we continue having a class routine\n(spanish, english and extra activities) and lesson plans based on the IB\nprogramme. The spanish class will be taken face-to-face, english and extra\nactivities will be taken online accompanied with their teacher. <\/p>\n\n\n\n<p>Without a doubt Colegio Celta worries about the education of\nstudents and is always in the forefront with innovative projects. Miss Deysi-\nmain teacher for K2K2 Teacher (We thank Miss Deysi for her participation in the\nmaking of this programme).<\/p>\n\n\n\n<p>Durante el proyecto se continua con luna rutina de clases (espa\u00f1ol, ingl\u00e9s y especiales), y mediante planificaciones de acuerdo con el programa IB. La clase de espa\u00f1ol la tomanse imparte de forma presencial y la clase de ingl\u00e9s y\/o especial la toman de forma virtual con acompa\u00f1amiento de su Mmiss. <\/p>\n\n\n\n<h2 class=\"wp-block-heading\">Visiting our students<\/h2>\n\n\n\n<div class=\"wp-block-image\"><figure class=\"alignleft is-resized\"><img decoding=\"async\" src=\"https:\/\/colegiocelta.com.mx\/wp-content\/uploads\/2020\/09\/PHOTO-2020-08-28-19-00-49-1-1024x768.jpg\" alt=\"\" class=\"wp-image-14986\" width=\"289\" height=\"217\"\/><\/figure><\/div>\n\n\n\n<p>\u00abEach one of us gave them a small present with all\naffection, I consider that is really important to go beyond the screen with\nthis emotional approach, it was a pleasantly emotional experience for both the\nchildren and for us, it was fantastic to be able to enjoy their astonished\nfaces when they saw us arriving to their homes. With this we begin our 20-21\nschool year. \u00ab<\/p>\n\n\n\n<p>\u00abMommy look is Miss Moni, the one on the screen.\u00bb\nMarianne K1 B<\/p>\n\n\n\n<p>  <\/p>\n\n\n\n<div class=\"wp-block-image\"><figure class=\"alignright is-resized\"><img loading=\"lazy\" decoding=\"async\" src=\"https:\/\/colegiocelta.com.mx\/wp-content\/uploads\/2020\/09\/PHOTO-2020-08-28-19-01-15-1-1024x485.jpg\" alt=\"\" class=\"wp-image-14984\" width=\"364\" height=\"172\"\/><\/figure><\/div>\n\n\n\n<p>\u201cThank you very much to the Celtic School teachers, who came\nto visit my son, he was very happy to see his teachersthem again and he was\nblissful to see Jorge, the pet, and loved the gift he received from all of you.\nThank you for all the love you give to my little one \u00ab<\/p>\n\n\n\n<h2 class=\"wp-block-heading\"><strong>Meet our new teachers <\/strong><\/h2>\n\n\n\n<p><strong><em>Miss Kari<\/em><\/strong><\/p>\n\n\n\n<div class=\"wp-block-image\"><figure class=\"alignleft is-resized\"><img loading=\"lazy\" decoding=\"async\" src=\"https:\/\/colegiocelta.com.mx\/wp-content\/uploads\/2020\/09\/miss-Karina-768x1024.jpg\" alt=\"\" class=\"wp-image-14980\" width=\"235\" height=\"313\"\/><\/figure><\/div>\n\n\n\n<p>Hello, My name is Karina, I\u00b4m 28 years old, I was born in\nCalifornia and I was raised in Morelia. About a year ago I moved to this\nbeautiful city because of my husband&#8217;s job necessities, who I\u00b4ve been happily\nmarried for 8 years withover 8 years. I have a Ddegree in Ppreschool Eeducation\nand I like being a preschool teacher, I&#8217;m convinced that a good education is\nfundamental for every person, not without mentioning how great it is to share\nthe happiness that my students transmit everyday. I enjoy taking trips,\ngatherings or even playing a board game with my family and friends. It is so\nexciting for me to be part of this team, where I can learn, sharegive ideas and\ngrow professionally. <\/p>\n\n\n\n<p>I am thankful for this opportunity and I have no doubt that\nthis will be a spectacular school year! <\/p>\n\n\n\n<p>Miss Karina Ramirez Avila- English Tteacher K2 <\/p>\n\n\n\n<p><\/p>\n\n\n\n<p><strong><em>Miss Sam<\/em><\/strong><\/p>\n\n\n\n<div class=\"wp-block-image\"><figure class=\"alignleft is-resized\"><img loading=\"lazy\" decoding=\"async\" src=\"https:\/\/colegiocelta.com.mx\/wp-content\/uploads\/2020\/09\/Miss-Samantha.jpg\" alt=\"\" class=\"wp-image-14982\" width=\"283\" height=\"247\"\/><\/figure><\/div>\n\n\n\n<p>Hello, my name is Samantha. My parents named me after the\nwitch from the movie \u201cBewitched\u201d, but I promise I won&#8217;t play with potions and\nspells. I started learning about music when I was 7 years old and I haven&#8217;t\nstopped since then. I love musical instruments and the music around us, t. The\nmusic of our body, mind and soul. The music of the stars and nature. I enjoy\ncreating music. I play the piano and a weird instrument called the Ppsaltery,\nbut my specialty is singing. Music makes me so happy, that I even graduated\nwith an honorific mentionas Valedictorian from college of fine arts\u201cFacultad de\nlas Bellas Artes\u201d and my university gave me the Aacademic Mmerit medal in 2018.\nI have been the director of orchestras and choirs, concert pianist, opera\nsinger and actress, but being a music teacher is what fulfills me the most,\nit&#8217;s where I spend time with little ones and not so little ones the amazing\nexperience of creating and learning about the music that life gives us. <\/p>\n\n\n\n<p>Samantha Vazquez Gallegos &#8211; Music teacher.<\/p>\n\n\n\n<h2 class=\"wp-block-heading\">WorkshopsTrainings <\/h2>\n\n\n\n<p>Technology Applied to the Classroom<\/p>\n\n\n\n<p>As teachers we must involve our work lines with technologies\nthat help promote the creativity, personal expression, learn to learn, support\ncreativity and critical thinking. <\/p>\n\n\n\n<p>This workshoptraining was given by Miss Iliana Brien, she\nhas used these TIC\u00b4s in her class making it more attractive for students.<\/p>\n\n\n\n<div class=\"wp-block-image\"><figure class=\"aligncenter\"><img decoding=\"async\" src=\"https:\/\/colegiocelta.com.mx\/wp-content\/uploads\/2020\/09\/Capacitacion-kinder.jpg\" alt=\"\" class=\"wp-image-14993\"\/><\/figure><\/div>\n\n\n\n<p>As teachers we must involve lines of work with technologies\nthat help promote creativity, personal expression, learn to learn, support\ncreativity and critical thinking skills.<\/p>\n\n\n\n<p>Therefore, in this workshoptraining we learned new tools to\nimplement in online classes. The apps that were presented at training during the\nworkshop were the following: Snap Camera, Kahoot, Flippty and Canva. Which are\nundoubtedly excellent tools that encourage exploration, imagination,\ncreativity, autonomy, curiosity and promote teamwork in our students.<\/p>\n\n\n\n<p>With this training as teachers we acquire a series of skills\nthat are linked to the technical management of technology, knowledge\ndevelopment, skills that allow us to search, analyze and recreate information.<\/p>\n\n\n\n<p>\u201cI can say that the acquisition of digital skills in\nteachers will depend on their performance with the use of TIC\u00b4s in daily life.\u201d<\/p>\n\n\n\n<p>Arlette Rico &#8211; Assistant K3A<\/p>\n\n\n\n<p><\/p>\n\n\n\n<h2 class=\"wp-block-heading\">Handling with Stress<\/h2>\n\n\n\n<p>This workshop training was given by Miss Ana Paola Gerdingh, she explained how stress works, how it affects our body and how we can ensure that it does not control us. We were given some tools to lower stress levels and we were able to think on the situations that generate stress for us.<\/p>\n\n\n\n<div class=\"wp-block-image\"><figure class=\"alignright is-resized\"><img loading=\"lazy\" decoding=\"async\" src=\"https:\/\/colegiocelta.com.mx\/wp-content\/uploads\/2020\/09\/IMG_7110-1024x768.jpg\" alt=\"\" class=\"wp-image-14991\" width=\"369\" height=\"277\"\/><\/figure><\/div>\n\n\n\n<p>\u201cThe stress management workshop opened my eyes to the\nimportance of how we see ourselves. Learning to love yourself is an important\nstep and a very valuable tool when it comes to managing stress, remembering\nthat we are valuable beings.\u201d<\/p>\n\n\n\n<p>Miss Ili &#8211; Miss English K1<\/p>\n\n\n\n<h2 class=\"wp-block-heading\">Constructive Math<\/h2>\n\n\n\n<p>During the week of July 17th-21st, the Kindergarten Spanish\nteachers took the \u00abConstructive Math\u00bb workshopcourse taught by\nteacher Yolanda Aburto, in order to increase the knowledge and tools for this\nnew school yearcycle.<\/p>\n\n\n\n<p>\u00abThe constructive math course was very enriching, as we\nwere able to see math from a natural and spontaneous way and not as a subject\nthat has to be taught, also the importance of working it first through the body\nand then doing it on a graphic.\u00bb <\/p>\n\n\n\n<p>Miss Michelle &#8211; Miss K3 A<\/p>\n\n\n\n<p>\u201cIt was a workshop where I learned concepts that will help\nme structure the way of teaching math more efficiently. The tools that I\nacquired will be useful to enrich my class every day, obtain better results and\nget to my goals and objectives as Celta community, as we speaking the same\nlanguage and walking on the same path does nothing more than lead us toyou to\nSUCCESS! #WITH PRIDE CELTAI\u00b4M CELTA I AM\u201d.<\/p>\n\n\n\n<p>Miss Selene &#8211; Miss holder K2 B<\/p>\n\n\n\n<p>\u201cAn excellent teacher workshoptraining was what all the\npreschool teachers received with the theme of Constructive Math.<\/p>\n\n\n\n<p>This workshop helped me reinforce teaching skills and\nstrengthen my little ones&#8217; learning in the field of mathematical logical\nreasoning, I&#8217;m very grateful and eager to begin this journey through math in\nthis new school year. \u00bb <\/p>\n\n\n\n<p>Miss Cynthia &#8211; Miss holder K1 A <\/p>\n\n\n\n<figure class=\"wp-block-image is-resized\"><img loading=\"lazy\" decoding=\"async\" src=\"https:\/\/colegiocelta.com.mx\/wp-content\/uploads\/2020\/09\/Kinder-matematicas-1024x428.jpg\" alt=\"\" class=\"wp-image-14987\" width=\"722\" height=\"301\"\/><\/figure>\n\n\n\n<h2 class=\"wp-block-heading\">Development Pyram<\/h2>\n\n\n\n<p>This workshop was given by Miss Paulina Cisneros, Miss Ana\nOlvera and Miss Selene Mora. Miss Selene Mora talked more about the stages of\nknowledge regarding the development of our students.<\/p>\n\n\n\n<p>We learned about the following aspects:<\/p>\n\n\n\n<p>\ud83d\udcd5 TOPIC: Sensory Systems, Sensorimotor\nDevelopment and Body Scheme. <\/p>\n\n\n\n<p>Some of the components were:<\/p>\n\n\n\n<p>The basic stimulations of development: tactile, vestibular\nand proprioceptive.<\/p>\n\n\n\n<p>Sensory-motor: sightvision, hearing, smell and taste.<\/p>\n\n\n\n<p>Tone and relaxation, balance and coordination, motor\nplanning (praxis)<\/p>\n\n\n\n<p>Lateral awareness, breath awareness, sensory integration\ncapacity.<\/p>\n\n\n\n<p>\ud83d\udcd5 TOPIC: Perceptual Motor Development<\/p>\n\n\n\n<p>Components:<\/p>\n\n\n\n<p>Development of body image, Development of visual-motor\ncoordination, symbolic play, skills to work attention.<\/p>\n\n\n\n<p>\ud83d\udcd5 TOPIC: Language<\/p>\n\n\n\n<p>Language components: Semantics, Phonology, Syntax,\nPragmatics, Praxis<\/p>\n\n\n\n<p>\u201cI consider it very important to refresh knowledge regarding\nthe development pyramid; each stage is essential for the accompaniment of the\nlittle one. For us as educators, as trainers of the foundations of their\ndevelopment, it is information that contributes to a more timely and assertive\nintervention development. \u00bb <\/p>\n\n\n\n<p>Miss Raque &#8211; <\/p>\n\n\n\n<p>K2B assistant<\/p>\n\n\n\n<h2 class=\"wp-block-heading\"><strong>Back2School<\/strong><\/h2>\n\n\n\n<p>Like every year, we had our Back to School, an event in\nwhich parents receive the most relevant information to start the school year\nand meet their teachers.<\/p>\n\n\n\n<p>This was no exception, we saw the teachers excited to meet\nthe parents of their students and they explained the how we are going to be\nworking.<\/p>\n\n\n\n<p>\u201cI liked that, despite the situation, they managed to carry\nout the Back to School in a virtual way, since they provided information that\nhas reached via mail or by video to the groups, but I think that using live\nmeetings we can be more interested in the themes. \u00bb Suhail Mijangos -\u2013 Mom\nof ZoeZoe\u2019s Mom, K2 A<\/p>\n\n\n\n<figure class=\"wp-block-image is-resized\"><img loading=\"lazy\" decoding=\"async\" src=\"https:\/\/colegiocelta.com.mx\/wp-content\/uploads\/2020\/09\/Calendario-Sept-Kinder-ingles-1024x611.jpg\" alt=\"\" class=\"wp-image-14977\" width=\"735\" height=\"438\"\/><\/figure>\n","protected":false},"excerpt":{"rendered":"<p>There&#8217;s no doubt that we have been forced to make some changes in the teaching and learning process, it has&#8230;<\/p>\n","protected":false},"author":1,"featured_media":14978,"comment_status":"closed","ping_status":"open","sticky":false,"template":"","format":"standard","meta":{"footnotes":""},"categories":[63],"tags":[],"class_list":["post-14995","post","type-post","status-publish","format-standard","has-post-thumbnail","hentry","category-boletin-nuachtan-english"],"yoast_head":"<!-- This site is optimized with the Yoast SEO plugin v27.4 - https:\/\/yoast.com\/product\/yoast-seo-wordpress\/ -->\n<title>\u00a1Welcome to the School year 2020-2021! - Colegio Celta<\/title>\n<meta name=\"robots\" content=\"index, follow, max-snippet:-1, max-image-preview:large, max-video-preview:-1\" \/>\n<link rel=\"canonical\" href=\"https:\/\/colegiocelta.com.mx\/index.php\/2020\/09\/02\/welcome-to-the-school-year-2020-2021\/\" \/>\n<meta property=\"og:locale\" content=\"es_ES\" \/>\n<meta property=\"og:type\" content=\"article\" \/>\n<meta property=\"og:title\" content=\"\u00a1Welcome to the School year 2020-2021! - Colegio Celta\" \/>\n<meta property=\"og:description\" content=\"There&#8217;s no doubt that we have been forced to make some changes in the teaching and learning process, it has...\" \/>\n<meta property=\"og:url\" content=\"https:\/\/colegiocelta.com.mx\/index.php\/2020\/09\/02\/welcome-to-the-school-year-2020-2021\/\" \/>\n<meta property=\"og:site_name\" content=\"Colegio Celta\" \/>\n<meta property=\"article:publisher\" content=\"https:\/\/www.facebook.com\/ColegioCELTAInternacional\" \/>\n<meta property=\"article:published_time\" content=\"2020-09-02T02:57:53+00:00\" \/>\n<meta name=\"author\" content=\"admin\" \/>\n<meta name=\"twitter:card\" content=\"summary_large_image\" \/>\n<meta name=\"twitter:label1\" content=\"Escrito por\" \/>\n\t<meta name=\"twitter:data1\" content=\"admin\" \/>\n\t<meta name=\"twitter:label2\" content=\"Tiempo de lectura\" \/>\n\t<meta name=\"twitter:data2\" content=\"8 minutos\" \/>\n<script type=\"application\/ld+json\" class=\"yoast-schema-graph\">{\"@context\":\"https:\\\/\\\/schema.org\",\"@graph\":[{\"@type\":\"Article\",\"@id\":\"https:\\\/\\\/colegiocelta.com.mx\\\/index.php\\\/2020\\\/09\\\/02\\\/welcome-to-the-school-year-2020-2021\\\/#article\",\"isPartOf\":{\"@id\":\"https:\\\/\\\/colegiocelta.com.mx\\\/index.php\\\/2020\\\/09\\\/02\\\/welcome-to-the-school-year-2020-2021\\\/\"},\"author\":{\"name\":\"admin\",\"@id\":\"https:\\\/\\\/colegiocelta.com.mx\\\/#\\\/schema\\\/person\\\/0b8e517bb1e55aa508deb2a389e6a316\"},\"headline\":\"\u00a1Welcome to the School year 2020-2021!\",\"datePublished\":\"2020-09-02T02:57:53+00:00\",\"mainEntityOfPage\":{\"@id\":\"https:\\\/\\\/colegiocelta.com.mx\\\/index.php\\\/2020\\\/09\\\/02\\\/welcome-to-the-school-year-2020-2021\\\/\"},\"wordCount\":1664,\"publisher\":{\"@id\":\"https:\\\/\\\/colegiocelta.com.mx\\\/#organization\"},\"image\":{\"@id\":\"https:\\\/\\\/colegiocelta.com.mx\\\/index.php\\\/2020\\\/09\\\/02\\\/welcome-to-the-school-year-2020-2021\\\/#primaryimage\"},\"thumbnailUrl\":\"\",\"articleSection\":[\"Bolet\u00edn Nuacht\u00e1n English\"],\"inLanguage\":\"es\"},{\"@type\":\"WebPage\",\"@id\":\"https:\\\/\\\/colegiocelta.com.mx\\\/index.php\\\/2020\\\/09\\\/02\\\/welcome-to-the-school-year-2020-2021\\\/\",\"url\":\"https:\\\/\\\/colegiocelta.com.mx\\\/index.php\\\/2020\\\/09\\\/02\\\/welcome-to-the-school-year-2020-2021\\\/\",\"name\":\"\u00a1Welcome to the School year 2020-2021! - Colegio Celta\",\"isPartOf\":{\"@id\":\"https:\\\/\\\/colegiocelta.com.mx\\\/#website\"},\"primaryImageOfPage\":{\"@id\":\"https:\\\/\\\/colegiocelta.com.mx\\\/index.php\\\/2020\\\/09\\\/02\\\/welcome-to-the-school-year-2020-2021\\\/#primaryimage\"},\"image\":{\"@id\":\"https:\\\/\\\/colegiocelta.com.mx\\\/index.php\\\/2020\\\/09\\\/02\\\/welcome-to-the-school-year-2020-2021\\\/#primaryimage\"},\"thumbnailUrl\":\"\",\"datePublished\":\"2020-09-02T02:57:53+00:00\",\"breadcrumb\":{\"@id\":\"https:\\\/\\\/colegiocelta.com.mx\\\/index.php\\\/2020\\\/09\\\/02\\\/welcome-to-the-school-year-2020-2021\\\/#breadcrumb\"},\"inLanguage\":\"es\",\"potentialAction\":[{\"@type\":\"ReadAction\",\"target\":[\"https:\\\/\\\/colegiocelta.com.mx\\\/index.php\\\/2020\\\/09\\\/02\\\/welcome-to-the-school-year-2020-2021\\\/\"]}]},{\"@type\":\"ImageObject\",\"inLanguage\":\"es\",\"@id\":\"https:\\\/\\\/colegiocelta.com.mx\\\/index.php\\\/2020\\\/09\\\/02\\\/welcome-to-the-school-year-2020-2021\\\/#primaryimage\",\"url\":\"\",\"contentUrl\":\"\"},{\"@type\":\"BreadcrumbList\",\"@id\":\"https:\\\/\\\/colegiocelta.com.mx\\\/index.php\\\/2020\\\/09\\\/02\\\/welcome-to-the-school-year-2020-2021\\\/#breadcrumb\",\"itemListElement\":[{\"@type\":\"ListItem\",\"position\":1,\"name\":\"Portada\",\"item\":\"https:\\\/\\\/colegiocelta.com.mx\\\/\"},{\"@type\":\"ListItem\",\"position\":2,\"name\":\"\u00a1Welcome to the School year 2020-2021!\"}]},{\"@type\":\"WebSite\",\"@id\":\"https:\\\/\\\/colegiocelta.com.mx\\\/#website\",\"url\":\"https:\\\/\\\/colegiocelta.com.mx\\\/\",\"name\":\"Colegio Celta\",\"description\":\"Colegio Celta\",\"publisher\":{\"@id\":\"https:\\\/\\\/colegiocelta.com.mx\\\/#organization\"},\"potentialAction\":[{\"@type\":\"SearchAction\",\"target\":{\"@type\":\"EntryPoint\",\"urlTemplate\":\"https:\\\/\\\/colegiocelta.com.mx\\\/?s={search_term_string}\"},\"query-input\":{\"@type\":\"PropertyValueSpecification\",\"valueRequired\":true,\"valueName\":\"search_term_string\"}}],\"inLanguage\":\"es\"},{\"@type\":\"Organization\",\"@id\":\"https:\\\/\\\/colegiocelta.com.mx\\\/#organization\",\"name\":\"Colegio Celta\",\"url\":\"https:\\\/\\\/colegiocelta.com.mx\\\/\",\"logo\":{\"@type\":\"ImageObject\",\"inLanguage\":\"es\",\"@id\":\"https:\\\/\\\/colegiocelta.com.mx\\\/#\\\/schema\\\/logo\\\/image\\\/\",\"url\":\"https:\\\/\\\/colegiocelta.com.mx\\\/wp-content\\\/uploads\\\/2023\\\/01\\\/colegio-celta.png\",\"contentUrl\":\"https:\\\/\\\/colegiocelta.com.mx\\\/wp-content\\\/uploads\\\/2023\\\/01\\\/colegio-celta.png\",\"width\":761,\"height\":193,\"caption\":\"Colegio Celta\"},\"image\":{\"@id\":\"https:\\\/\\\/colegiocelta.com.mx\\\/#\\\/schema\\\/logo\\\/image\\\/\"},\"sameAs\":[\"https:\\\/\\\/www.facebook.com\\\/ColegioCELTAInternacional\",\"https:\\\/\\\/www.instagram.com\\\/colegioceltainternacional\\\/\",\"https:\\\/\\\/www.youtube.com\\\/channel\\\/UCjNQiQNgACg_t2_z0TRyvhQ\",\"https:\\\/\\\/open.spotify.com\\\/show\\\/0SciuUNWBO5GYzeDlpyjRH\"]},{\"@type\":\"Person\",\"@id\":\"https:\\\/\\\/colegiocelta.com.mx\\\/#\\\/schema\\\/person\\\/0b8e517bb1e55aa508deb2a389e6a316\",\"name\":\"admin\",\"image\":{\"@type\":\"ImageObject\",\"inLanguage\":\"es\",\"@id\":\"https:\\\/\\\/secure.gravatar.com\\\/avatar\\\/b55b0c27bc7e29f76b33debd6b91e911297c0ba53211736923ac796044d92178?s=96&d=mm&r=g\",\"url\":\"https:\\\/\\\/secure.gravatar.com\\\/avatar\\\/b55b0c27bc7e29f76b33debd6b91e911297c0ba53211736923ac796044d92178?s=96&d=mm&r=g\",\"contentUrl\":\"https:\\\/\\\/secure.gravatar.com\\\/avatar\\\/b55b0c27bc7e29f76b33debd6b91e911297c0ba53211736923ac796044d92178?s=96&d=mm&r=g\",\"caption\":\"admin\"},\"sameAs\":[\"https:\\\/\\\/colegiocelta.com.mx\"],\"url\":\"https:\\\/\\\/colegiocelta.com.mx\\\/index.php\\\/author\\\/admin\\\/\"}]}<\/script>\n<!-- \/ Yoast SEO plugin. -->","yoast_head_json":{"title":"\u00a1Welcome to the School year 2020-2021! - Colegio Celta","robots":{"index":"index","follow":"follow","max-snippet":"max-snippet:-1","max-image-preview":"max-image-preview:large","max-video-preview":"max-video-preview:-1"},"canonical":"https:\/\/colegiocelta.com.mx\/index.php\/2020\/09\/02\/welcome-to-the-school-year-2020-2021\/","og_locale":"es_ES","og_type":"article","og_title":"\u00a1Welcome to the School year 2020-2021! - Colegio Celta","og_description":"There&#8217;s no doubt that we have been forced to make some changes in the teaching and learning process, it has...","og_url":"https:\/\/colegiocelta.com.mx\/index.php\/2020\/09\/02\/welcome-to-the-school-year-2020-2021\/","og_site_name":"Colegio Celta","article_publisher":"https:\/\/www.facebook.com\/ColegioCELTAInternacional","article_published_time":"2020-09-02T02:57:53+00:00","author":"admin","twitter_card":"summary_large_image","twitter_misc":{"Escrito por":"admin","Tiempo de lectura":"8 minutos"},"schema":{"@context":"https:\/\/schema.org","@graph":[{"@type":"Article","@id":"https:\/\/colegiocelta.com.mx\/index.php\/2020\/09\/02\/welcome-to-the-school-year-2020-2021\/#article","isPartOf":{"@id":"https:\/\/colegiocelta.com.mx\/index.php\/2020\/09\/02\/welcome-to-the-school-year-2020-2021\/"},"author":{"name":"admin","@id":"https:\/\/colegiocelta.com.mx\/#\/schema\/person\/0b8e517bb1e55aa508deb2a389e6a316"},"headline":"\u00a1Welcome to the School year 2020-2021!","datePublished":"2020-09-02T02:57:53+00:00","mainEntityOfPage":{"@id":"https:\/\/colegiocelta.com.mx\/index.php\/2020\/09\/02\/welcome-to-the-school-year-2020-2021\/"},"wordCount":1664,"publisher":{"@id":"https:\/\/colegiocelta.com.mx\/#organization"},"image":{"@id":"https:\/\/colegiocelta.com.mx\/index.php\/2020\/09\/02\/welcome-to-the-school-year-2020-2021\/#primaryimage"},"thumbnailUrl":"","articleSection":["Bolet\u00edn Nuacht\u00e1n English"],"inLanguage":"es"},{"@type":"WebPage","@id":"https:\/\/colegiocelta.com.mx\/index.php\/2020\/09\/02\/welcome-to-the-school-year-2020-2021\/","url":"https:\/\/colegiocelta.com.mx\/index.php\/2020\/09\/02\/welcome-to-the-school-year-2020-2021\/","name":"\u00a1Welcome to the School year 2020-2021! - Colegio Celta","isPartOf":{"@id":"https:\/\/colegiocelta.com.mx\/#website"},"primaryImageOfPage":{"@id":"https:\/\/colegiocelta.com.mx\/index.php\/2020\/09\/02\/welcome-to-the-school-year-2020-2021\/#primaryimage"},"image":{"@id":"https:\/\/colegiocelta.com.mx\/index.php\/2020\/09\/02\/welcome-to-the-school-year-2020-2021\/#primaryimage"},"thumbnailUrl":"","datePublished":"2020-09-02T02:57:53+00:00","breadcrumb":{"@id":"https:\/\/colegiocelta.com.mx\/index.php\/2020\/09\/02\/welcome-to-the-school-year-2020-2021\/#breadcrumb"},"inLanguage":"es","potentialAction":[{"@type":"ReadAction","target":["https:\/\/colegiocelta.com.mx\/index.php\/2020\/09\/02\/welcome-to-the-school-year-2020-2021\/"]}]},{"@type":"ImageObject","inLanguage":"es","@id":"https:\/\/colegiocelta.com.mx\/index.php\/2020\/09\/02\/welcome-to-the-school-year-2020-2021\/#primaryimage","url":"","contentUrl":""},{"@type":"BreadcrumbList","@id":"https:\/\/colegiocelta.com.mx\/index.php\/2020\/09\/02\/welcome-to-the-school-year-2020-2021\/#breadcrumb","itemListElement":[{"@type":"ListItem","position":1,"name":"Portada","item":"https:\/\/colegiocelta.com.mx\/"},{"@type":"ListItem","position":2,"name":"\u00a1Welcome to the School year 2020-2021!"}]},{"@type":"WebSite","@id":"https:\/\/colegiocelta.com.mx\/#website","url":"https:\/\/colegiocelta.com.mx\/","name":"Colegio Celta","description":"Colegio Celta","publisher":{"@id":"https:\/\/colegiocelta.com.mx\/#organization"},"potentialAction":[{"@type":"SearchAction","target":{"@type":"EntryPoint","urlTemplate":"https:\/\/colegiocelta.com.mx\/?s={search_term_string}"},"query-input":{"@type":"PropertyValueSpecification","valueRequired":true,"valueName":"search_term_string"}}],"inLanguage":"es"},{"@type":"Organization","@id":"https:\/\/colegiocelta.com.mx\/#organization","name":"Colegio Celta","url":"https:\/\/colegiocelta.com.mx\/","logo":{"@type":"ImageObject","inLanguage":"es","@id":"https:\/\/colegiocelta.com.mx\/#\/schema\/logo\/image\/","url":"https:\/\/colegiocelta.com.mx\/wp-content\/uploads\/2023\/01\/colegio-celta.png","contentUrl":"https:\/\/colegiocelta.com.mx\/wp-content\/uploads\/2023\/01\/colegio-celta.png","width":761,"height":193,"caption":"Colegio Celta"},"image":{"@id":"https:\/\/colegiocelta.com.mx\/#\/schema\/logo\/image\/"},"sameAs":["https:\/\/www.facebook.com\/ColegioCELTAInternacional","https:\/\/www.instagram.com\/colegioceltainternacional\/","https:\/\/www.youtube.com\/channel\/UCjNQiQNgACg_t2_z0TRyvhQ","https:\/\/open.spotify.com\/show\/0SciuUNWBO5GYzeDlpyjRH"]},{"@type":"Person","@id":"https:\/\/colegiocelta.com.mx\/#\/schema\/person\/0b8e517bb1e55aa508deb2a389e6a316","name":"admin","image":{"@type":"ImageObject","inLanguage":"es","@id":"https:\/\/secure.gravatar.com\/avatar\/b55b0c27bc7e29f76b33debd6b91e911297c0ba53211736923ac796044d92178?s=96&d=mm&r=g","url":"https:\/\/secure.gravatar.com\/avatar\/b55b0c27bc7e29f76b33debd6b91e911297c0ba53211736923ac796044d92178?s=96&d=mm&r=g","contentUrl":"https:\/\/secure.gravatar.com\/avatar\/b55b0c27bc7e29f76b33debd6b91e911297c0ba53211736923ac796044d92178?s=96&d=mm&r=g","caption":"admin"},"sameAs":["https:\/\/colegiocelta.com.mx"],"url":"https:\/\/colegiocelta.com.mx\/index.php\/author\/admin\/"}]}},"_links":{"self":[{"href":"https:\/\/colegiocelta.com.mx\/index.php\/wp-json\/wp\/v2\/posts\/14995","targetHints":{"allow":["GET"]}}],"collection":[{"href":"https:\/\/colegiocelta.com.mx\/index.php\/wp-json\/wp\/v2\/posts"}],"about":[{"href":"https:\/\/colegiocelta.com.mx\/index.php\/wp-json\/wp\/v2\/types\/post"}],"author":[{"embeddable":true,"href":"https:\/\/colegiocelta.com.mx\/index.php\/wp-json\/wp\/v2\/users\/1"}],"replies":[{"embeddable":true,"href":"https:\/\/colegiocelta.com.mx\/index.php\/wp-json\/wp\/v2\/comments?post=14995"}],"version-history":[{"count":0,"href":"https:\/\/colegiocelta.com.mx\/index.php\/wp-json\/wp\/v2\/posts\/14995\/revisions"}],"wp:featuredmedia":[{"embeddable":true,"href":"https:\/\/colegiocelta.com.mx\/index.php\/wp-json\/"}],"wp:attachment":[{"href":"https:\/\/colegiocelta.com.mx\/index.php\/wp-json\/wp\/v2\/media?parent=14995"}],"wp:term":[{"taxonomy":"category","embeddable":true,"href":"https:\/\/colegiocelta.com.mx\/index.php\/wp-json\/wp\/v2\/categories?post=14995"},{"taxonomy":"post_tag","embeddable":true,"href":"https:\/\/colegiocelta.com.mx\/index.php\/wp-json\/wp\/v2\/tags?post=14995"}],"curies":[{"name":"wp","href":"https:\/\/api.w.org\/{rel}","templated":true}]}}