{"id":15968,"date":"2020-11-29T23:54:41","date_gmt":"2020-11-29T23:54:41","guid":{"rendered":"https:\/\/colegiocelta.com.mx\/?p=15968"},"modified":"2020-11-29T23:54:41","modified_gmt":"2020-11-29T23:54:41","slug":"una-navidad-sustentable","status":"publish","type":"post","link":"https:\/\/colegiocelta.com.mx\/index.php\/2020\/11\/29\/una-navidad-sustentable\/","title":{"rendered":"Una Navidad + Sustentable"},"content":{"rendered":"\n<p>Por: Natalie Garcia Buhler, Directora de Mercadotecnia. EXPO En Verde Ser<\/p>\n\n\n\n<p>Diciembre, una hermosa temporada para compartir y pasarla en familia, pero esta temporada trae consigo un incremento en la generaci\u00f3n de residuos, el consumo energ\u00e9tico y su consecuente impacto ambiental. De acuerdo con la Secretar\u00eda del Medio Ambiente (SEDEMA) la cantidad de residuos generados diariamente aumenta un 25%, <\/p>\n\n\n\n<div class=\"wp-block-image\"><figure class=\"alignleft is-resized\"><img fetchpriority=\"high\" decoding=\"async\" src=\"https:\/\/colegiocelta.com.mx\/wp-content\/uploads\/2020\/11\/pexels-barry-plott-753410.jpg\" alt=\"\" class=\"wp-image-15970\" width=\"273\" height=\"410\"\/><\/figure><\/div>\n\n\n\n<p>Por su parte, el Fideicomiso para el Ahorro\nde Energ\u00eda El\u00e9ctrica (FIDE) destaca que&nbsp;el consumo energ\u00e9tico llega a\nincrementarse esta temporada hasta en un 30% debido al uso de aparatos\nel\u00e9ctricos y series de luces. Esto, adem\u00e1s de tener un impacto en el costo del\nservicio, conlleva serias repercusiones en el medio ambiente ya que en tan s\u00f3lo\nalgunos d\u00edas se emite el 5.5% del di\u00f3xido de carbono (CO<sub>2<\/sub>) producido\ntodo el a\u00f1o.<\/p>\n\n\n\n<p>Ante la necesidad de reducir nuestra&nbsp;huella contaminante, \u00bfc\u00f3mo podemos tener una Navidad m\u00e1s sustentable? <\/p>\n\n\n\n<h2 class=\"wp-block-heading\">\u00bfC\u00f3mo celebrar sin descuidar del planeta?<\/h2>\n\n\n\n<p><strong>Compra local y de temporada: <\/strong><\/p>\n\n\n\n<div class=\"wp-block-image\"><figure class=\"alignright is-resized\"><img decoding=\"async\" src=\"https:\/\/colegiocelta.com.mx\/wp-content\/uploads\/2020\/11\/pexels-wendy-wei-1656663.jpg\" alt=\"\" class=\"wp-image-15976\" width=\"254\" height=\"169\"\/><\/figure><\/div>\n\n\n\n<p>La comida\nlocal y de temporada no necesita ser transportada desde lejos, ni refrigerada\npara conservar sus propiedades, con lo cual llevan asociada una menor huella de\ncarbono. Adem\u00e1s, al ser cosechada en su momento justo, tendr\u00e1n mucho mejor\nsabor y, importante tambi\u00e9n, repercutes en la econom\u00eda local.<\/p>\n\n\n\n<h4 class=\"wp-block-heading\"><strong>Compra lo necesario y no deseches<\/strong><\/h4>\n\n\n\n<p>Un 40% de los alimentos producidos acaba&nbsp;siendo desechado en estas\nfechas. La soluci\u00f3n es simple: calcula muy bien la comida necesaria y guarda \/\ncongela \/ reparte el resto.<\/p>\n\n\n\n<p><strong>Luces y decoraci\u00f3n<\/strong><\/p>\n\n\n\n<figure class=\"wp-block-image\"><img decoding=\"async\" src=\"https:\/\/colegiocelta.com.mx\/wp-content\/uploads\/2020\/11\/pexels-eftodii-aurelia-735423.jpg\" alt=\"\" class=\"wp-image-15975\"\/><\/figure>\n\n\n\n<p>Para tus decoraciones, considera el uso de luces led que consumir\u00e1n hasta 90% menos energ\u00eda y son m\u00e1s seguras. Recicla decoraci\u00f3n de otros a\u00f1os o transf\u00f3rmalas para obtener un nuevo objeto.<\/p>\n\n\n\n<p>No uses\npirotecnia; tus mascotas y el planeta te lo agradecer\u00e1n. Los fuegos\nartificiales producen diversos contaminantes que se acumulan en cuerpos de agua\no se dispersan en la atm\u00f3sfera.<\/p>\n\n\n\n<p><strong>Deshechable<\/strong><\/p>\n\n\n\n<div class=\"wp-block-image\"><figure class=\"alignright is-resized\"><img decoding=\"async\" src=\"https:\/\/colegiocelta.com.mx\/wp-content\/uploads\/2020\/11\/pexels-vlad-chet\u0326an-3018819.jpg\" alt=\"\" class=\"wp-image-15974\" width=\"323\" height=\"215\"\/><\/figure><\/div>\n\n\n\n<p>El uso de desechables con unicel o pl\u00e1stico com\u00fan no son buena opci\u00f3n. Recuerda que\nmuchos de ellos terminar\u00e1n en el mar, da\u00f1ando a animales marinos -causando\nincluso su muerte- o en los vertederos municipales.<\/p>\n\n\n\n<p>Utiliza productos que sean Biodegradables\n\/ Compostables estos si, son buena idea!<\/p>\n\n\n\n<p><strong>Regalos sustentables<\/strong><\/p>\n\n\n\n<div class=\"wp-block-image\"><figure class=\"alignleft is-resized\"><img loading=\"lazy\" decoding=\"async\" src=\"https:\/\/colegiocelta.com.mx\/wp-content\/uploads\/2020\/11\/regalo.jpg\" alt=\"\" class=\"wp-image-15973\" width=\"238\" height=\"260\"\/><\/figure><\/div>\n\n\n\n<p>Si regalas\njuguetes o electr\u00f3nicos que usen pilas, considera que sean recargables y no te\nolvides de minimizar el n\u00famero de envolturas usadas.<\/p>\n\n\n\n<p>Opta\npor obsequios que adem\u00e1s de ser \u00fatiles sean amigables con el medio ambiente;\nestos pueden ser, por ejemplo, popotes de bamb\u00fa, prendas hechas con materia\nprima reciclada o alg\u00fan art\u00edculo elaborado con materiales biodegradables.<\/p>\n\n\n\n<p>Tocando el tema de los regalos\u2026<strong>Regalar mascotas, \u00bfes correcto?\ufeff<\/strong><br><\/p>\n\n\n\n<div class=\"wp-block-image\"><figure class=\"aligncenter\"><img decoding=\"async\" src=\"https:\/\/colegiocelta.com.mx\/wp-content\/uploads\/2020\/11\/perrito-954x1024.jpg\" alt=\"\" class=\"wp-image-15971\"\/><\/figure><\/div>\n\n\n\n<h2 class=\"wp-block-heading\">Toma en cuenta\u2026<\/h2>\n\n\n\n<ul class=\"wp-block-list\"><li>Considerar que la persona est\u00e9 capacitada para criar esa especie y realmente la desee.<\/li><li>Tener una mascota es una gran responsabilidad. Necesita alimento, salir a correr y divertirse, un espacio con comodidades limpio, eventualmente ir al doctor, vacunas,etc. Mucho amor, cuidados y respeto.<\/li><li>Si decides regalar o tener una mascota mejor&nbsp;<strong>ADOPTA. <\/strong>Es un doble acto de amor y podemos hacer part\u00edcipe a la familia en el proceso de selecci\u00f3n. Recuerda que no solamente existen refugios de perros y gatos, tambi\u00e9n existen centros de adopci\u00f3n de animales ex\u00f3ticos (conejos, roedores, erizos&#8230;) o bien podemos buscar un animal de una familia que ya no pueda cuidarle.<\/li><\/ul>\n\n\n\n<div class=\"wp-block-image\"><figure class=\"aligncenter\"><img decoding=\"async\" src=\"https:\/\/colegiocelta.com.mx\/wp-content\/uploads\/2020\/11\/adopcion-de-mascotas1-482x320.jpg\" alt=\"\" class=\"wp-image-15972\"\/><\/figure><\/div>\n\n\n\n<h2 class=\"wp-block-heading\">A disfrutar de las fechas decembrinas \u00a1Muchas\nfelicidades!<\/h2>\n","protected":false},"excerpt":{"rendered":"<p>Por: Natalie Garcia Buhler, Directora de Mercadotecnia. EXPO En Verde Ser Diciembre, una hermosa temporada para compartir y pasarla en&#8230;<\/p>\n","protected":false},"author":1,"featured_media":15969,"comment_status":"closed","ping_status":"open","sticky":false,"template":"","format":"standard","meta":{"footnotes":""},"categories":[64,57],"tags":[],"class_list":["post-15968","post","type-post","status-publish","format-standard","has-post-thumbnail","hentry","category-boletin-nuachtan","category-green-life"],"yoast_head":"<!-- This site is optimized with the Yoast SEO plugin v27.4 - https:\/\/yoast.com\/product\/yoast-seo-wordpress\/ -->\n<title>Una Navidad + Sustentable - Colegio Celta<\/title>\n<meta name=\"robots\" content=\"index, follow, max-snippet:-1, max-image-preview:large, max-video-preview:-1\" \/>\n<link rel=\"canonical\" href=\"https:\/\/colegiocelta.com.mx\/index.php\/2020\/11\/29\/una-navidad-sustentable\/\" \/>\n<meta property=\"og:locale\" content=\"es_ES\" \/>\n<meta property=\"og:type\" content=\"article\" \/>\n<meta property=\"og:title\" content=\"Una Navidad + Sustentable - Colegio Celta\" \/>\n<meta property=\"og:description\" content=\"Por: Natalie Garcia Buhler, Directora de Mercadotecnia. EXPO En Verde Ser Diciembre, una hermosa temporada para compartir y pasarla en...\" \/>\n<meta property=\"og:url\" content=\"https:\/\/colegiocelta.com.mx\/index.php\/2020\/11\/29\/una-navidad-sustentable\/\" \/>\n<meta property=\"og:site_name\" content=\"Colegio Celta\" \/>\n<meta property=\"article:publisher\" content=\"https:\/\/www.facebook.com\/ColegioCELTAInternacional\" \/>\n<meta property=\"article:published_time\" content=\"2020-11-29T23:54:41+00:00\" \/>\n<meta name=\"author\" content=\"admin\" \/>\n<meta name=\"twitter:card\" content=\"summary_large_image\" \/>\n<meta name=\"twitter:label1\" content=\"Escrito por\" \/>\n\t<meta name=\"twitter:data1\" content=\"admin\" \/>\n\t<meta name=\"twitter:label2\" content=\"Tiempo de lectura\" \/>\n\t<meta name=\"twitter:data2\" content=\"3 minutos\" \/>\n<script type=\"application\/ld+json\" class=\"yoast-schema-graph\">{\"@context\":\"https:\\\/\\\/schema.org\",\"@graph\":[{\"@type\":\"Article\",\"@id\":\"https:\\\/\\\/colegiocelta.com.mx\\\/index.php\\\/2020\\\/11\\\/29\\\/una-navidad-sustentable\\\/#article\",\"isPartOf\":{\"@id\":\"https:\\\/\\\/colegiocelta.com.mx\\\/index.php\\\/2020\\\/11\\\/29\\\/una-navidad-sustentable\\\/\"},\"author\":{\"name\":\"admin\",\"@id\":\"https:\\\/\\\/colegiocelta.com.mx\\\/#\\\/schema\\\/person\\\/0b8e517bb1e55aa508deb2a389e6a316\"},\"headline\":\"Una Navidad + Sustentable\",\"datePublished\":\"2020-11-29T23:54:41+00:00\",\"mainEntityOfPage\":{\"@id\":\"https:\\\/\\\/colegiocelta.com.mx\\\/index.php\\\/2020\\\/11\\\/29\\\/una-navidad-sustentable\\\/\"},\"wordCount\":585,\"publisher\":{\"@id\":\"https:\\\/\\\/colegiocelta.com.mx\\\/#organization\"},\"image\":{\"@id\":\"https:\\\/\\\/colegiocelta.com.mx\\\/index.php\\\/2020\\\/11\\\/29\\\/una-navidad-sustentable\\\/#primaryimage\"},\"thumbnailUrl\":\"\",\"articleSection\":[\"Bolet\u00edn Nuacht\u00e1n\",\"Green Life\"],\"inLanguage\":\"es\"},{\"@type\":\"WebPage\",\"@id\":\"https:\\\/\\\/colegiocelta.com.mx\\\/index.php\\\/2020\\\/11\\\/29\\\/una-navidad-sustentable\\\/\",\"url\":\"https:\\\/\\\/colegiocelta.com.mx\\\/index.php\\\/2020\\\/11\\\/29\\\/una-navidad-sustentable\\\/\",\"name\":\"Una Navidad + Sustentable - Colegio Celta\",\"isPartOf\":{\"@id\":\"https:\\\/\\\/colegiocelta.com.mx\\\/#website\"},\"primaryImageOfPage\":{\"@id\":\"https:\\\/\\\/colegiocelta.com.mx\\\/index.php\\\/2020\\\/11\\\/29\\\/una-navidad-sustentable\\\/#primaryimage\"},\"image\":{\"@id\":\"https:\\\/\\\/colegiocelta.com.mx\\\/index.php\\\/2020\\\/11\\\/29\\\/una-navidad-sustentable\\\/#primaryimage\"},\"thumbnailUrl\":\"\",\"datePublished\":\"2020-11-29T23:54:41+00:00\",\"breadcrumb\":{\"@id\":\"https:\\\/\\\/colegiocelta.com.mx\\\/index.php\\\/2020\\\/11\\\/29\\\/una-navidad-sustentable\\\/#breadcrumb\"},\"inLanguage\":\"es\",\"potentialAction\":[{\"@type\":\"ReadAction\",\"target\":[\"https:\\\/\\\/colegiocelta.com.mx\\\/index.php\\\/2020\\\/11\\\/29\\\/una-navidad-sustentable\\\/\"]}]},{\"@type\":\"ImageObject\",\"inLanguage\":\"es\",\"@id\":\"https:\\\/\\\/colegiocelta.com.mx\\\/index.php\\\/2020\\\/11\\\/29\\\/una-navidad-sustentable\\\/#primaryimage\",\"url\":\"\",\"contentUrl\":\"\"},{\"@type\":\"BreadcrumbList\",\"@id\":\"https:\\\/\\\/colegiocelta.com.mx\\\/index.php\\\/2020\\\/11\\\/29\\\/una-navidad-sustentable\\\/#breadcrumb\",\"itemListElement\":[{\"@type\":\"ListItem\",\"position\":1,\"name\":\"Portada\",\"item\":\"https:\\\/\\\/colegiocelta.com.mx\\\/\"},{\"@type\":\"ListItem\",\"position\":2,\"name\":\"Una Navidad + Sustentable\"}]},{\"@type\":\"WebSite\",\"@id\":\"https:\\\/\\\/colegiocelta.com.mx\\\/#website\",\"url\":\"https:\\\/\\\/colegiocelta.com.mx\\\/\",\"name\":\"Colegio Celta\",\"description\":\"Colegio Celta\",\"publisher\":{\"@id\":\"https:\\\/\\\/colegiocelta.com.mx\\\/#organization\"},\"potentialAction\":[{\"@type\":\"SearchAction\",\"target\":{\"@type\":\"EntryPoint\",\"urlTemplate\":\"https:\\\/\\\/colegiocelta.com.mx\\\/?s={search_term_string}\"},\"query-input\":{\"@type\":\"PropertyValueSpecification\",\"valueRequired\":true,\"valueName\":\"search_term_string\"}}],\"inLanguage\":\"es\"},{\"@type\":\"Organization\",\"@id\":\"https:\\\/\\\/colegiocelta.com.mx\\\/#organization\",\"name\":\"Colegio Celta\",\"url\":\"https:\\\/\\\/colegiocelta.com.mx\\\/\",\"logo\":{\"@type\":\"ImageObject\",\"inLanguage\":\"es\",\"@id\":\"https:\\\/\\\/colegiocelta.com.mx\\\/#\\\/schema\\\/logo\\\/image\\\/\",\"url\":\"https:\\\/\\\/colegiocelta.com.mx\\\/wp-content\\\/uploads\\\/2023\\\/01\\\/colegio-celta.png\",\"contentUrl\":\"https:\\\/\\\/colegiocelta.com.mx\\\/wp-content\\\/uploads\\\/2023\\\/01\\\/colegio-celta.png\",\"width\":761,\"height\":193,\"caption\":\"Colegio Celta\"},\"image\":{\"@id\":\"https:\\\/\\\/colegiocelta.com.mx\\\/#\\\/schema\\\/logo\\\/image\\\/\"},\"sameAs\":[\"https:\\\/\\\/www.facebook.com\\\/ColegioCELTAInternacional\",\"https:\\\/\\\/www.instagram.com\\\/colegioceltainternacional\\\/\",\"https:\\\/\\\/www.youtube.com\\\/channel\\\/UCjNQiQNgACg_t2_z0TRyvhQ\",\"https:\\\/\\\/open.spotify.com\\\/show\\\/0SciuUNWBO5GYzeDlpyjRH\"]},{\"@type\":\"Person\",\"@id\":\"https:\\\/\\\/colegiocelta.com.mx\\\/#\\\/schema\\\/person\\\/0b8e517bb1e55aa508deb2a389e6a316\",\"name\":\"admin\",\"image\":{\"@type\":\"ImageObject\",\"inLanguage\":\"es\",\"@id\":\"https:\\\/\\\/secure.gravatar.com\\\/avatar\\\/b55b0c27bc7e29f76b33debd6b91e911297c0ba53211736923ac796044d92178?s=96&d=mm&r=g\",\"url\":\"https:\\\/\\\/secure.gravatar.com\\\/avatar\\\/b55b0c27bc7e29f76b33debd6b91e911297c0ba53211736923ac796044d92178?s=96&d=mm&r=g\",\"contentUrl\":\"https:\\\/\\\/secure.gravatar.com\\\/avatar\\\/b55b0c27bc7e29f76b33debd6b91e911297c0ba53211736923ac796044d92178?s=96&d=mm&r=g\",\"caption\":\"admin\"},\"sameAs\":[\"https:\\\/\\\/colegiocelta.com.mx\"],\"url\":\"https:\\\/\\\/colegiocelta.com.mx\\\/index.php\\\/author\\\/admin\\\/\"}]}<\/script>\n<!-- \/ Yoast SEO plugin. -->","yoast_head_json":{"title":"Una Navidad + Sustentable - Colegio Celta","robots":{"index":"index","follow":"follow","max-snippet":"max-snippet:-1","max-image-preview":"max-image-preview:large","max-video-preview":"max-video-preview:-1"},"canonical":"https:\/\/colegiocelta.com.mx\/index.php\/2020\/11\/29\/una-navidad-sustentable\/","og_locale":"es_ES","og_type":"article","og_title":"Una Navidad + Sustentable - Colegio Celta","og_description":"Por: Natalie Garcia Buhler, Directora de Mercadotecnia. EXPO En Verde Ser Diciembre, una hermosa temporada para compartir y pasarla en...","og_url":"https:\/\/colegiocelta.com.mx\/index.php\/2020\/11\/29\/una-navidad-sustentable\/","og_site_name":"Colegio Celta","article_publisher":"https:\/\/www.facebook.com\/ColegioCELTAInternacional","article_published_time":"2020-11-29T23:54:41+00:00","author":"admin","twitter_card":"summary_large_image","twitter_misc":{"Escrito por":"admin","Tiempo de lectura":"3 minutos"},"schema":{"@context":"https:\/\/schema.org","@graph":[{"@type":"Article","@id":"https:\/\/colegiocelta.com.mx\/index.php\/2020\/11\/29\/una-navidad-sustentable\/#article","isPartOf":{"@id":"https:\/\/colegiocelta.com.mx\/index.php\/2020\/11\/29\/una-navidad-sustentable\/"},"author":{"name":"admin","@id":"https:\/\/colegiocelta.com.mx\/#\/schema\/person\/0b8e517bb1e55aa508deb2a389e6a316"},"headline":"Una Navidad + Sustentable","datePublished":"2020-11-29T23:54:41+00:00","mainEntityOfPage":{"@id":"https:\/\/colegiocelta.com.mx\/index.php\/2020\/11\/29\/una-navidad-sustentable\/"},"wordCount":585,"publisher":{"@id":"https:\/\/colegiocelta.com.mx\/#organization"},"image":{"@id":"https:\/\/colegiocelta.com.mx\/index.php\/2020\/11\/29\/una-navidad-sustentable\/#primaryimage"},"thumbnailUrl":"","articleSection":["Bolet\u00edn Nuacht\u00e1n","Green Life"],"inLanguage":"es"},{"@type":"WebPage","@id":"https:\/\/colegiocelta.com.mx\/index.php\/2020\/11\/29\/una-navidad-sustentable\/","url":"https:\/\/colegiocelta.com.mx\/index.php\/2020\/11\/29\/una-navidad-sustentable\/","name":"Una Navidad + Sustentable - Colegio Celta","isPartOf":{"@id":"https:\/\/colegiocelta.com.mx\/#website"},"primaryImageOfPage":{"@id":"https:\/\/colegiocelta.com.mx\/index.php\/2020\/11\/29\/una-navidad-sustentable\/#primaryimage"},"image":{"@id":"https:\/\/colegiocelta.com.mx\/index.php\/2020\/11\/29\/una-navidad-sustentable\/#primaryimage"},"thumbnailUrl":"","datePublished":"2020-11-29T23:54:41+00:00","breadcrumb":{"@id":"https:\/\/colegiocelta.com.mx\/index.php\/2020\/11\/29\/una-navidad-sustentable\/#breadcrumb"},"inLanguage":"es","potentialAction":[{"@type":"ReadAction","target":["https:\/\/colegiocelta.com.mx\/index.php\/2020\/11\/29\/una-navidad-sustentable\/"]}]},{"@type":"ImageObject","inLanguage":"es","@id":"https:\/\/colegiocelta.com.mx\/index.php\/2020\/11\/29\/una-navidad-sustentable\/#primaryimage","url":"","contentUrl":""},{"@type":"BreadcrumbList","@id":"https:\/\/colegiocelta.com.mx\/index.php\/2020\/11\/29\/una-navidad-sustentable\/#breadcrumb","itemListElement":[{"@type":"ListItem","position":1,"name":"Portada","item":"https:\/\/colegiocelta.com.mx\/"},{"@type":"ListItem","position":2,"name":"Una Navidad + Sustentable"}]},{"@type":"WebSite","@id":"https:\/\/colegiocelta.com.mx\/#website","url":"https:\/\/colegiocelta.com.mx\/","name":"Colegio Celta","description":"Colegio Celta","publisher":{"@id":"https:\/\/colegiocelta.com.mx\/#organization"},"potentialAction":[{"@type":"SearchAction","target":{"@type":"EntryPoint","urlTemplate":"https:\/\/colegiocelta.com.mx\/?s={search_term_string}"},"query-input":{"@type":"PropertyValueSpecification","valueRequired":true,"valueName":"search_term_string"}}],"inLanguage":"es"},{"@type":"Organization","@id":"https:\/\/colegiocelta.com.mx\/#organization","name":"Colegio Celta","url":"https:\/\/colegiocelta.com.mx\/","logo":{"@type":"ImageObject","inLanguage":"es","@id":"https:\/\/colegiocelta.com.mx\/#\/schema\/logo\/image\/","url":"https:\/\/colegiocelta.com.mx\/wp-content\/uploads\/2023\/01\/colegio-celta.png","contentUrl":"https:\/\/colegiocelta.com.mx\/wp-content\/uploads\/2023\/01\/colegio-celta.png","width":761,"height":193,"caption":"Colegio Celta"},"image":{"@id":"https:\/\/colegiocelta.com.mx\/#\/schema\/logo\/image\/"},"sameAs":["https:\/\/www.facebook.com\/ColegioCELTAInternacional","https:\/\/www.instagram.com\/colegioceltainternacional\/","https:\/\/www.youtube.com\/channel\/UCjNQiQNgACg_t2_z0TRyvhQ","https:\/\/open.spotify.com\/show\/0SciuUNWBO5GYzeDlpyjRH"]},{"@type":"Person","@id":"https:\/\/colegiocelta.com.mx\/#\/schema\/person\/0b8e517bb1e55aa508deb2a389e6a316","name":"admin","image":{"@type":"ImageObject","inLanguage":"es","@id":"https:\/\/secure.gravatar.com\/avatar\/b55b0c27bc7e29f76b33debd6b91e911297c0ba53211736923ac796044d92178?s=96&d=mm&r=g","url":"https:\/\/secure.gravatar.com\/avatar\/b55b0c27bc7e29f76b33debd6b91e911297c0ba53211736923ac796044d92178?s=96&d=mm&r=g","contentUrl":"https:\/\/secure.gravatar.com\/avatar\/b55b0c27bc7e29f76b33debd6b91e911297c0ba53211736923ac796044d92178?s=96&d=mm&r=g","caption":"admin"},"sameAs":["https:\/\/colegiocelta.com.mx"],"url":"https:\/\/colegiocelta.com.mx\/index.php\/author\/admin\/"}]}},"_links":{"self":[{"href":"https:\/\/colegiocelta.com.mx\/index.php\/wp-json\/wp\/v2\/posts\/15968","targetHints":{"allow":["GET"]}}],"collection":[{"href":"https:\/\/colegiocelta.com.mx\/index.php\/wp-json\/wp\/v2\/posts"}],"about":[{"href":"https:\/\/colegiocelta.com.mx\/index.php\/wp-json\/wp\/v2\/types\/post"}],"author":[{"embeddable":true,"href":"https:\/\/colegiocelta.com.mx\/index.php\/wp-json\/wp\/v2\/users\/1"}],"replies":[{"embeddable":true,"href":"https:\/\/colegiocelta.com.mx\/index.php\/wp-json\/wp\/v2\/comments?post=15968"}],"version-history":[{"count":0,"href":"https:\/\/colegiocelta.com.mx\/index.php\/wp-json\/wp\/v2\/posts\/15968\/revisions"}],"wp:featuredmedia":[{"embeddable":true,"href":"https:\/\/colegiocelta.com.mx\/index.php\/wp-json\/"}],"wp:attachment":[{"href":"https:\/\/colegiocelta.com.mx\/index.php\/wp-json\/wp\/v2\/media?parent=15968"}],"wp:term":[{"taxonomy":"category","embeddable":true,"href":"https:\/\/colegiocelta.com.mx\/index.php\/wp-json\/wp\/v2\/categories?post=15968"},{"taxonomy":"post_tag","embeddable":true,"href":"https:\/\/colegiocelta.com.mx\/index.php\/wp-json\/wp\/v2\/tags?post=15968"}],"curies":[{"name":"wp","href":"https:\/\/api.w.org\/{rel}","templated":true}]}}