{"id":16722,"date":"2021-03-03T16:17:04","date_gmt":"2021-03-03T16:17:04","guid":{"rendered":"https:\/\/colegiocelta.com.mx\/?p=16722"},"modified":"2021-03-03T16:17:04","modified_gmt":"2021-03-03T16:17:04","slug":"st-patricks-day-parade","status":"publish","type":"post","link":"https:\/\/colegiocelta.com.mx\/index.php\/2021\/03\/03\/st-patricks-day-parade\/","title":{"rendered":"St Patrick\u00b4s Day Parade"},"content":{"rendered":"\n<p><em>&#8216;L\u00e1 Fh\u00e9ile P\u00e1draig&#8217;<\/em>, como en ga\u00e9lico se&nbsp;denomina a este evento, es desde 1903, la fiesta oficial que invita a celebrar la cultura irlandesa; no obstante, sus or\u00edgenes se encuentran en un festejo de la religi\u00f3n cat\u00f3lica. Y seg\u00fan un art\u00edculo digital de La Vanguardia (2018) es como consecuencia de la di\u00e1spora irlandesa, que se ha transformado en una fiesta popular y multitudinaria donde el color verde, los tr\u00e9boles y los cofres del tesoro al final del arco iris son parte distintiva de la celebraci\u00f3n.<\/p>\n\n\n\n<div class=\"wp-block-image\"><figure class=\"alignleft is-resized\"><img fetchpriority=\"high\" decoding=\"async\" src=\"https:\/\/colegiocelta.com.mx\/wp-content\/uploads\/2021\/03\/17-march-1.jpg\" alt=\"\" class=\"wp-image-16752\" width=\"311\" height=\"215\"\/><\/figure><\/div>\n\n\n\n<p><strong>Cu\u00e1ndo:<\/strong> 17 de Marzo, 2021<\/p>\n\n\n\n<p><strong>D\u00f3nde:<\/strong> Estacionamiento del Edificio Central<\/p>\n\n\n\n<p><strong>Horario:<\/strong> 17:00h a las 18:30h<\/p>\n\n\n\n<p><strong>Aplicaran todas\u00a0las\u00a0medidas\u00a0sanitarias<\/strong><\/p>\n\n\n\n<p>El Colegio Celta su suma a este ic\u00f3nico festejo con una actividad llena de sorpresas para todos los peque\u00f1os y no los no tanto\u2026 una caravana de autos que se realizar\u00e1 dentro del estacionamiento.<\/p>\n\n\n\n<p>Este\nevento ser\u00e1 un excelente pretexto para hacer comunidad, explorar la convivencia,\nla creatividad y esfuerzo de las familias al dise\u00f1ar sus disfraces y\nespecialmente, una maravillosa oportunidad de ver a nuestros alumnos. <\/p>\n\n\n\n<p>No\ndejen de registrar su asistencia estaremos encantados de recibirlos con todo el\ncari\u00f1o y la alegr\u00eda que nos caracteriza.<\/p>\n\n\n\n<p><strong><em>\u201cRot\u00b7bia f\u00e1ilte!&nbsp; (ga\u00e9lico)<\/em><\/strong><\/p>\n\n\n\n<p><strong><em>\u00a1Una bienvenida te espera!\u201d<\/em><\/strong> <\/p>\n\n\n\n<div class=\"wp-block-image\"><figure class=\"aligncenter is-resized\"><img decoding=\"async\" src=\"https:\/\/colegiocelta.com.mx\/wp-content\/uploads\/2021\/03\/Happy-st-patricks-1.png\" alt=\"\" class=\"wp-image-16749\" width=\"255\" height=\"255\"\/><\/figure><\/div>\n","protected":false},"excerpt":{"rendered":"<p>&#8216;L\u00e1 Fh\u00e9ile P\u00e1draig&#8217;, como en ga\u00e9lico se&nbsp;denomina a este evento, es desde 1903, la fiesta oficial que invita a celebrar&#8230;<\/p>\n","protected":false},"author":1,"featured_media":16744,"comment_status":"open","ping_status":"open","sticky":false,"template":"","format":"standard","meta":{"footnotes":""},"categories":[64,60],"tags":[],"class_list":["post-16722","post","type-post","status-publish","format-standard","has-post-thumbnail","hentry","category-boletin-nuachtan","category-eventos-especiales"],"yoast_head":"<!-- This site is optimized with the Yoast SEO plugin v27.4 - https:\/\/yoast.com\/product\/yoast-seo-wordpress\/ -->\n<title>St Patrick\u00b4s Day Parade - Colegio Celta<\/title>\n<meta name=\"robots\" content=\"index, follow, max-snippet:-1, max-image-preview:large, max-video-preview:-1\" \/>\n<link rel=\"canonical\" href=\"https:\/\/colegiocelta.com.mx\/index.php\/2021\/03\/03\/st-patricks-day-parade\/\" \/>\n<meta property=\"og:locale\" content=\"es_ES\" \/>\n<meta property=\"og:type\" content=\"article\" \/>\n<meta property=\"og:title\" content=\"St Patrick\u00b4s Day Parade - Colegio Celta\" \/>\n<meta property=\"og:description\" content=\"&#8216;L\u00e1 Fh\u00e9ile P\u00e1draig&#8217;, como en ga\u00e9lico se&nbsp;denomina a este evento, es desde 1903, la fiesta oficial que invita a celebrar...\" \/>\n<meta property=\"og:url\" content=\"https:\/\/colegiocelta.com.mx\/index.php\/2021\/03\/03\/st-patricks-day-parade\/\" \/>\n<meta property=\"og:site_name\" content=\"Colegio Celta\" \/>\n<meta property=\"article:publisher\" content=\"https:\/\/www.facebook.com\/ColegioCELTAInternacional\" \/>\n<meta property=\"article:published_time\" content=\"2021-03-03T16:17:04+00:00\" \/>\n<meta name=\"author\" content=\"admin\" \/>\n<meta name=\"twitter:card\" content=\"summary_large_image\" \/>\n<meta name=\"twitter:label1\" content=\"Escrito por\" \/>\n\t<meta name=\"twitter:data1\" content=\"admin\" \/>\n\t<meta name=\"twitter:label2\" content=\"Tiempo de lectura\" \/>\n\t<meta name=\"twitter:data2\" content=\"1 minuto\" \/>\n<script type=\"application\/ld+json\" class=\"yoast-schema-graph\">{\"@context\":\"https:\\\/\\\/schema.org\",\"@graph\":[{\"@type\":\"Article\",\"@id\":\"https:\\\/\\\/colegiocelta.com.mx\\\/index.php\\\/2021\\\/03\\\/03\\\/st-patricks-day-parade\\\/#article\",\"isPartOf\":{\"@id\":\"https:\\\/\\\/colegiocelta.com.mx\\\/index.php\\\/2021\\\/03\\\/03\\\/st-patricks-day-parade\\\/\"},\"author\":{\"name\":\"admin\",\"@id\":\"https:\\\/\\\/colegiocelta.com.mx\\\/#\\\/schema\\\/person\\\/0b8e517bb1e55aa508deb2a389e6a316\"},\"headline\":\"St Patrick\u00b4s Day Parade\",\"datePublished\":\"2021-03-03T16:17:04+00:00\",\"mainEntityOfPage\":{\"@id\":\"https:\\\/\\\/colegiocelta.com.mx\\\/index.php\\\/2021\\\/03\\\/03\\\/st-patricks-day-parade\\\/\"},\"wordCount\":223,\"commentCount\":0,\"publisher\":{\"@id\":\"https:\\\/\\\/colegiocelta.com.mx\\\/#organization\"},\"image\":{\"@id\":\"https:\\\/\\\/colegiocelta.com.mx\\\/index.php\\\/2021\\\/03\\\/03\\\/st-patricks-day-parade\\\/#primaryimage\"},\"thumbnailUrl\":\"\",\"articleSection\":[\"Bolet\u00edn Nuacht\u00e1n\",\"Eventos Especiales\"],\"inLanguage\":\"es\",\"potentialAction\":[{\"@type\":\"CommentAction\",\"name\":\"Comment\",\"target\":[\"https:\\\/\\\/colegiocelta.com.mx\\\/index.php\\\/2021\\\/03\\\/03\\\/st-patricks-day-parade\\\/#respond\"]}]},{\"@type\":\"WebPage\",\"@id\":\"https:\\\/\\\/colegiocelta.com.mx\\\/index.php\\\/2021\\\/03\\\/03\\\/st-patricks-day-parade\\\/\",\"url\":\"https:\\\/\\\/colegiocelta.com.mx\\\/index.php\\\/2021\\\/03\\\/03\\\/st-patricks-day-parade\\\/\",\"name\":\"St Patrick\u00b4s Day Parade - Colegio Celta\",\"isPartOf\":{\"@id\":\"https:\\\/\\\/colegiocelta.com.mx\\\/#website\"},\"primaryImageOfPage\":{\"@id\":\"https:\\\/\\\/colegiocelta.com.mx\\\/index.php\\\/2021\\\/03\\\/03\\\/st-patricks-day-parade\\\/#primaryimage\"},\"image\":{\"@id\":\"https:\\\/\\\/colegiocelta.com.mx\\\/index.php\\\/2021\\\/03\\\/03\\\/st-patricks-day-parade\\\/#primaryimage\"},\"thumbnailUrl\":\"\",\"datePublished\":\"2021-03-03T16:17:04+00:00\",\"breadcrumb\":{\"@id\":\"https:\\\/\\\/colegiocelta.com.mx\\\/index.php\\\/2021\\\/03\\\/03\\\/st-patricks-day-parade\\\/#breadcrumb\"},\"inLanguage\":\"es\",\"potentialAction\":[{\"@type\":\"ReadAction\",\"target\":[\"https:\\\/\\\/colegiocelta.com.mx\\\/index.php\\\/2021\\\/03\\\/03\\\/st-patricks-day-parade\\\/\"]}]},{\"@type\":\"ImageObject\",\"inLanguage\":\"es\",\"@id\":\"https:\\\/\\\/colegiocelta.com.mx\\\/index.php\\\/2021\\\/03\\\/03\\\/st-patricks-day-parade\\\/#primaryimage\",\"url\":\"\",\"contentUrl\":\"\"},{\"@type\":\"BreadcrumbList\",\"@id\":\"https:\\\/\\\/colegiocelta.com.mx\\\/index.php\\\/2021\\\/03\\\/03\\\/st-patricks-day-parade\\\/#breadcrumb\",\"itemListElement\":[{\"@type\":\"ListItem\",\"position\":1,\"name\":\"Portada\",\"item\":\"https:\\\/\\\/colegiocelta.com.mx\\\/\"},{\"@type\":\"ListItem\",\"position\":2,\"name\":\"St Patrick\u00b4s Day Parade\"}]},{\"@type\":\"WebSite\",\"@id\":\"https:\\\/\\\/colegiocelta.com.mx\\\/#website\",\"url\":\"https:\\\/\\\/colegiocelta.com.mx\\\/\",\"name\":\"Colegio Celta\",\"description\":\"Colegio Celta\",\"publisher\":{\"@id\":\"https:\\\/\\\/colegiocelta.com.mx\\\/#organization\"},\"potentialAction\":[{\"@type\":\"SearchAction\",\"target\":{\"@type\":\"EntryPoint\",\"urlTemplate\":\"https:\\\/\\\/colegiocelta.com.mx\\\/?s={search_term_string}\"},\"query-input\":{\"@type\":\"PropertyValueSpecification\",\"valueRequired\":true,\"valueName\":\"search_term_string\"}}],\"inLanguage\":\"es\"},{\"@type\":\"Organization\",\"@id\":\"https:\\\/\\\/colegiocelta.com.mx\\\/#organization\",\"name\":\"Colegio Celta\",\"url\":\"https:\\\/\\\/colegiocelta.com.mx\\\/\",\"logo\":{\"@type\":\"ImageObject\",\"inLanguage\":\"es\",\"@id\":\"https:\\\/\\\/colegiocelta.com.mx\\\/#\\\/schema\\\/logo\\\/image\\\/\",\"url\":\"https:\\\/\\\/colegiocelta.com.mx\\\/wp-content\\\/uploads\\\/2023\\\/01\\\/colegio-celta.png\",\"contentUrl\":\"https:\\\/\\\/colegiocelta.com.mx\\\/wp-content\\\/uploads\\\/2023\\\/01\\\/colegio-celta.png\",\"width\":761,\"height\":193,\"caption\":\"Colegio Celta\"},\"image\":{\"@id\":\"https:\\\/\\\/colegiocelta.com.mx\\\/#\\\/schema\\\/logo\\\/image\\\/\"},\"sameAs\":[\"https:\\\/\\\/www.facebook.com\\\/ColegioCELTAInternacional\",\"https:\\\/\\\/www.instagram.com\\\/colegioceltainternacional\\\/\",\"https:\\\/\\\/www.youtube.com\\\/channel\\\/UCjNQiQNgACg_t2_z0TRyvhQ\",\"https:\\\/\\\/open.spotify.com\\\/show\\\/0SciuUNWBO5GYzeDlpyjRH\"]},{\"@type\":\"Person\",\"@id\":\"https:\\\/\\\/colegiocelta.com.mx\\\/#\\\/schema\\\/person\\\/0b8e517bb1e55aa508deb2a389e6a316\",\"name\":\"admin\",\"image\":{\"@type\":\"ImageObject\",\"inLanguage\":\"es\",\"@id\":\"https:\\\/\\\/secure.gravatar.com\\\/avatar\\\/b55b0c27bc7e29f76b33debd6b91e911297c0ba53211736923ac796044d92178?s=96&d=mm&r=g\",\"url\":\"https:\\\/\\\/secure.gravatar.com\\\/avatar\\\/b55b0c27bc7e29f76b33debd6b91e911297c0ba53211736923ac796044d92178?s=96&d=mm&r=g\",\"contentUrl\":\"https:\\\/\\\/secure.gravatar.com\\\/avatar\\\/b55b0c27bc7e29f76b33debd6b91e911297c0ba53211736923ac796044d92178?s=96&d=mm&r=g\",\"caption\":\"admin\"},\"sameAs\":[\"https:\\\/\\\/colegiocelta.com.mx\"],\"url\":\"https:\\\/\\\/colegiocelta.com.mx\\\/index.php\\\/author\\\/admin\\\/\"}]}<\/script>\n<!-- \/ Yoast SEO plugin. -->","yoast_head_json":{"title":"St Patrick\u00b4s Day Parade - Colegio Celta","robots":{"index":"index","follow":"follow","max-snippet":"max-snippet:-1","max-image-preview":"max-image-preview:large","max-video-preview":"max-video-preview:-1"},"canonical":"https:\/\/colegiocelta.com.mx\/index.php\/2021\/03\/03\/st-patricks-day-parade\/","og_locale":"es_ES","og_type":"article","og_title":"St Patrick\u00b4s Day Parade - Colegio Celta","og_description":"&#8216;L\u00e1 Fh\u00e9ile P\u00e1draig&#8217;, como en ga\u00e9lico se&nbsp;denomina a este evento, es desde 1903, la fiesta oficial que invita a celebrar...","og_url":"https:\/\/colegiocelta.com.mx\/index.php\/2021\/03\/03\/st-patricks-day-parade\/","og_site_name":"Colegio Celta","article_publisher":"https:\/\/www.facebook.com\/ColegioCELTAInternacional","article_published_time":"2021-03-03T16:17:04+00:00","author":"admin","twitter_card":"summary_large_image","twitter_misc":{"Escrito por":"admin","Tiempo de lectura":"1 minuto"},"schema":{"@context":"https:\/\/schema.org","@graph":[{"@type":"Article","@id":"https:\/\/colegiocelta.com.mx\/index.php\/2021\/03\/03\/st-patricks-day-parade\/#article","isPartOf":{"@id":"https:\/\/colegiocelta.com.mx\/index.php\/2021\/03\/03\/st-patricks-day-parade\/"},"author":{"name":"admin","@id":"https:\/\/colegiocelta.com.mx\/#\/schema\/person\/0b8e517bb1e55aa508deb2a389e6a316"},"headline":"St Patrick\u00b4s Day Parade","datePublished":"2021-03-03T16:17:04+00:00","mainEntityOfPage":{"@id":"https:\/\/colegiocelta.com.mx\/index.php\/2021\/03\/03\/st-patricks-day-parade\/"},"wordCount":223,"commentCount":0,"publisher":{"@id":"https:\/\/colegiocelta.com.mx\/#organization"},"image":{"@id":"https:\/\/colegiocelta.com.mx\/index.php\/2021\/03\/03\/st-patricks-day-parade\/#primaryimage"},"thumbnailUrl":"","articleSection":["Bolet\u00edn Nuacht\u00e1n","Eventos Especiales"],"inLanguage":"es","potentialAction":[{"@type":"CommentAction","name":"Comment","target":["https:\/\/colegiocelta.com.mx\/index.php\/2021\/03\/03\/st-patricks-day-parade\/#respond"]}]},{"@type":"WebPage","@id":"https:\/\/colegiocelta.com.mx\/index.php\/2021\/03\/03\/st-patricks-day-parade\/","url":"https:\/\/colegiocelta.com.mx\/index.php\/2021\/03\/03\/st-patricks-day-parade\/","name":"St Patrick\u00b4s Day Parade - Colegio Celta","isPartOf":{"@id":"https:\/\/colegiocelta.com.mx\/#website"},"primaryImageOfPage":{"@id":"https:\/\/colegiocelta.com.mx\/index.php\/2021\/03\/03\/st-patricks-day-parade\/#primaryimage"},"image":{"@id":"https:\/\/colegiocelta.com.mx\/index.php\/2021\/03\/03\/st-patricks-day-parade\/#primaryimage"},"thumbnailUrl":"","datePublished":"2021-03-03T16:17:04+00:00","breadcrumb":{"@id":"https:\/\/colegiocelta.com.mx\/index.php\/2021\/03\/03\/st-patricks-day-parade\/#breadcrumb"},"inLanguage":"es","potentialAction":[{"@type":"ReadAction","target":["https:\/\/colegiocelta.com.mx\/index.php\/2021\/03\/03\/st-patricks-day-parade\/"]}]},{"@type":"ImageObject","inLanguage":"es","@id":"https:\/\/colegiocelta.com.mx\/index.php\/2021\/03\/03\/st-patricks-day-parade\/#primaryimage","url":"","contentUrl":""},{"@type":"BreadcrumbList","@id":"https:\/\/colegiocelta.com.mx\/index.php\/2021\/03\/03\/st-patricks-day-parade\/#breadcrumb","itemListElement":[{"@type":"ListItem","position":1,"name":"Portada","item":"https:\/\/colegiocelta.com.mx\/"},{"@type":"ListItem","position":2,"name":"St Patrick\u00b4s Day Parade"}]},{"@type":"WebSite","@id":"https:\/\/colegiocelta.com.mx\/#website","url":"https:\/\/colegiocelta.com.mx\/","name":"Colegio Celta","description":"Colegio Celta","publisher":{"@id":"https:\/\/colegiocelta.com.mx\/#organization"},"potentialAction":[{"@type":"SearchAction","target":{"@type":"EntryPoint","urlTemplate":"https:\/\/colegiocelta.com.mx\/?s={search_term_string}"},"query-input":{"@type":"PropertyValueSpecification","valueRequired":true,"valueName":"search_term_string"}}],"inLanguage":"es"},{"@type":"Organization","@id":"https:\/\/colegiocelta.com.mx\/#organization","name":"Colegio Celta","url":"https:\/\/colegiocelta.com.mx\/","logo":{"@type":"ImageObject","inLanguage":"es","@id":"https:\/\/colegiocelta.com.mx\/#\/schema\/logo\/image\/","url":"https:\/\/colegiocelta.com.mx\/wp-content\/uploads\/2023\/01\/colegio-celta.png","contentUrl":"https:\/\/colegiocelta.com.mx\/wp-content\/uploads\/2023\/01\/colegio-celta.png","width":761,"height":193,"caption":"Colegio Celta"},"image":{"@id":"https:\/\/colegiocelta.com.mx\/#\/schema\/logo\/image\/"},"sameAs":["https:\/\/www.facebook.com\/ColegioCELTAInternacional","https:\/\/www.instagram.com\/colegioceltainternacional\/","https:\/\/www.youtube.com\/channel\/UCjNQiQNgACg_t2_z0TRyvhQ","https:\/\/open.spotify.com\/show\/0SciuUNWBO5GYzeDlpyjRH"]},{"@type":"Person","@id":"https:\/\/colegiocelta.com.mx\/#\/schema\/person\/0b8e517bb1e55aa508deb2a389e6a316","name":"admin","image":{"@type":"ImageObject","inLanguage":"es","@id":"https:\/\/secure.gravatar.com\/avatar\/b55b0c27bc7e29f76b33debd6b91e911297c0ba53211736923ac796044d92178?s=96&d=mm&r=g","url":"https:\/\/secure.gravatar.com\/avatar\/b55b0c27bc7e29f76b33debd6b91e911297c0ba53211736923ac796044d92178?s=96&d=mm&r=g","contentUrl":"https:\/\/secure.gravatar.com\/avatar\/b55b0c27bc7e29f76b33debd6b91e911297c0ba53211736923ac796044d92178?s=96&d=mm&r=g","caption":"admin"},"sameAs":["https:\/\/colegiocelta.com.mx"],"url":"https:\/\/colegiocelta.com.mx\/index.php\/author\/admin\/"}]}},"_links":{"self":[{"href":"https:\/\/colegiocelta.com.mx\/index.php\/wp-json\/wp\/v2\/posts\/16722","targetHints":{"allow":["GET"]}}],"collection":[{"href":"https:\/\/colegiocelta.com.mx\/index.php\/wp-json\/wp\/v2\/posts"}],"about":[{"href":"https:\/\/colegiocelta.com.mx\/index.php\/wp-json\/wp\/v2\/types\/post"}],"author":[{"embeddable":true,"href":"https:\/\/colegiocelta.com.mx\/index.php\/wp-json\/wp\/v2\/users\/1"}],"replies":[{"embeddable":true,"href":"https:\/\/colegiocelta.com.mx\/index.php\/wp-json\/wp\/v2\/comments?post=16722"}],"version-history":[{"count":0,"href":"https:\/\/colegiocelta.com.mx\/index.php\/wp-json\/wp\/v2\/posts\/16722\/revisions"}],"wp:featuredmedia":[{"embeddable":true,"href":"https:\/\/colegiocelta.com.mx\/index.php\/wp-json\/"}],"wp:attachment":[{"href":"https:\/\/colegiocelta.com.mx\/index.php\/wp-json\/wp\/v2\/media?parent=16722"}],"wp:term":[{"taxonomy":"category","embeddable":true,"href":"https:\/\/colegiocelta.com.mx\/index.php\/wp-json\/wp\/v2\/categories?post=16722"},{"taxonomy":"post_tag","embeddable":true,"href":"https:\/\/colegiocelta.com.mx\/index.php\/wp-json\/wp\/v2\/tags?post=16722"}],"curies":[{"name":"wp","href":"https:\/\/api.w.org\/{rel}","templated":true}]}}